{"id":4550,"date":"2022-03-11T15:25:32","date_gmt":"2022-03-11T15:25:32","guid":{"rendered":"https:\/\/schiwiese.at\/?p=4550"},"modified":"2022-03-20T12:58:15","modified_gmt":"2022-03-20T12:58:15","slug":"start-in-die-fruehjahrssaison","status":"publish","type":"post","link":"https:\/\/schiwiese.at\/?p=4550","title":{"rendered":"Start in die Fr\u00fchjahrssaison"},"content":{"rendered":"<div class=\"flex_column av_one_full  flex_column_div av-zero-column-padding first  avia-builder-el-0  avia-builder-el-no-sibling  \" style='border-radius:0px; '><section class=\"av_textblock_section \"  itemscope=\"itemscope\" itemtype=\"https:\/\/schema.org\/BlogPosting\" itemprop=\"blogPost\" ><div class='avia_textblock  '   itemprop=\"text\" ><p>Nachdem leider auch heuer wieder kein Wintersport wegen Schneemangel m\u00f6glich war, planen wir jetzt unsere <strong><em>Hochfilzerh\u00fctte ab 27. M\u00e4rz 2022 jeden Sonn- und Feiertag ab 10 bis<\/em><\/strong> <strong><em>18 Uhr zu \u00f6ffnen.<\/em><\/strong> Wir hoffen nat\u00fcrlich sehr, dass die Corona-Situation sich nicht wieder in eine Richtung entwickelt, die einen Betrieb f\u00fcr uns nicht m\u00f6glich macht!<\/p>\n<p><strong>Bleiben wir optimistisch und freuen wir uns auf das Wiedersehen und bis bald auf der Schiwiese!<\/strong><\/p>\n<p><strong><em>\u00a0<\/em><\/strong><\/p>\n<\/div><\/section><\/div>\n","protected":false},"excerpt":{"rendered":"","protected":false},"author":1,"featured_media":4479,"comment_status":"closed","ping_status":"closed","sticky":false,"template":"","format":"standard","meta":{"footnotes":""},"categories":[2,17],"tags":[],"class_list":["post-4550","post","type-post","status-publish","format-standard","has-post-thumbnail","hentry","category-neuigkeiten","category-startseite"],"_links":{"self":[{"href":"https:\/\/schiwiese.at\/index.php?rest_route=\/wp\/v2\/posts\/4550","targetHints":{"allow":["GET"]}}],"collection":[{"href":"https:\/\/schiwiese.at\/index.php?rest_route=\/wp\/v2\/posts"}],"about":[{"href":"https:\/\/schiwiese.at\/index.php?rest_route=\/wp\/v2\/types\/post"}],"author":[{"embeddable":true,"href":"https:\/\/schiwiese.at\/index.php?rest_route=\/wp\/v2\/users\/1"}],"replies":[{"embeddable":true,"href":"https:\/\/schiwiese.at\/index.php?rest_route=%2Fwp%2Fv2%2Fcomments&post=4550"}],"version-history":[{"count":2,"href":"https:\/\/schiwiese.at\/index.php?rest_route=\/wp\/v2\/posts\/4550\/revisions"}],"predecessor-version":[{"id":4559,"href":"https:\/\/schiwiese.at\/index.php?rest_route=\/wp\/v2\/posts\/4550\/revisions\/4559"}],"wp:featuredmedia":[{"embeddable":true,"href":"https:\/\/schiwiese.at\/index.php?rest_route=\/wp\/v2\/media\/4479"}],"wp:attachment":[{"href":"https:\/\/schiwiese.at\/index.php?rest_route=%2Fwp%2Fv2%2Fmedia&parent=4550"}],"wp:term":[{"taxonomy":"category","embeddable":true,"href":"https:\/\/schiwiese.at\/index.php?rest_route=%2Fwp%2Fv2%2Fcategories&post=4550"},{"taxonomy":"post_tag","embeddable":true,"href":"https:\/\/schiwiese.at\/index.php?rest_route=%2Fwp%2Fv2%2Ftags&post=4550"}],"curies":[{"name":"wp","href":"https:\/\/api.w.org\/{rel}","templated":true}]}}