{"id":4592,"date":"2022-08-25T04:27:32","date_gmt":"2022-08-25T04:27:32","guid":{"rendered":"https:\/\/schiwiese.at\/?p=4592"},"modified":"2022-08-25T04:27:33","modified_gmt":"2022-08-25T04:27:33","slug":"die-herbstsaison-2022-beginnt","status":"publish","type":"post","link":"https:\/\/schiwiese.at\/?p=4592","title":{"rendered":"Die Herbstsaison 2022 beginnt"},"content":{"rendered":"<div class=\"flex_column av_one_full  flex_column_div av-zero-column-padding first  avia-builder-el-0  avia-builder-el-no-sibling  \" style='border-radius:0px; '><section class=\"av_textblock_section \"  itemscope=\"itemscope\" itemtype=\"https:\/\/schema.org\/BlogPosting\" itemprop=\"blogPost\" ><div class='avia_textblock  '   itemprop=\"text\" ><p>Der heurige, extrem hei\u00dfe Sommer verabschiedet sich, deshalb freuen wir uns sehr, dass wir unsere G\u00e4ste wieder auf der Schiwiese sowie Hochfilzerh\u00fctte begr\u00fc\u00dfen d\u00fcrfen.<\/p>\n<p><strong><em>H\u00fctten\u00f6ffnungszeiten (wie gewohnt):<br \/>\njeden Sonn- und Feiertag von 10 bis 18 Uhr beginnend mit Sonntag, den 28. August.<\/em><\/strong><\/p>\n<p><strong>Wanderwege:<br \/>\n<\/strong>Die Pflege der Wege ist zum Gro\u00dfteil erfolgt, letzte Teilbereiche werden demn\u00e4chst fertiggestellt.<br \/>\nNach einer gemeinsam mit dem von R\u00f6merland Carnuntum beauftragten Experten erfolgten Begehung bzw. Begutachtung der Rundwanderwege \u201eMaria Theresia\u201c und \u201eKaiser Franz Josef\u201c wurden einige geringf\u00fcgige Adaptierungen vereinbart. Sobald das daf\u00fcr erforderliche Material (Wegeschilder, Rohrsteher, \u2026) geliefert wird, erfolgt die Aufstellung.<\/p>\n<p><strong>Vorschau: Kinder \u2013 K\u00fcrbisfest<br \/>\n<\/strong>Nachdem leider in den vergangenen zwei Jahren, bedingt durch die Corona-Pandemie, dieses beliebte Kinderfest nicht durchgef\u00fchrt werden konnte, sollte es heuer wieder stattfinden k\u00f6nnen.<\/p>\n<p><strong><em>Ort: Schiwiese<br \/>\nWann: Sonntag, 18. September 2022 ab 10 Uhr<\/em><\/strong><\/p>\n<p>Detailinfos erfolge zeitgerecht!<\/p>\n<\/div><\/section><\/div>\n","protected":false},"excerpt":{"rendered":"","protected":false},"author":1,"featured_media":4222,"comment_status":"closed","ping_status":"closed","sticky":false,"template":"","format":"standard","meta":{"footnotes":""},"categories":[2,17],"tags":[],"class_list":["post-4592","post","type-post","status-publish","format-standard","has-post-thumbnail","hentry","category-neuigkeiten","category-startseite"],"_links":{"self":[{"href":"https:\/\/schiwiese.at\/index.php?rest_route=\/wp\/v2\/posts\/4592","targetHints":{"allow":["GET"]}}],"collection":[{"href":"https:\/\/schiwiese.at\/index.php?rest_route=\/wp\/v2\/posts"}],"about":[{"href":"https:\/\/schiwiese.at\/index.php?rest_route=\/wp\/v2\/types\/post"}],"author":[{"embeddable":true,"href":"https:\/\/schiwiese.at\/index.php?rest_route=\/wp\/v2\/users\/1"}],"replies":[{"embeddable":true,"href":"https:\/\/schiwiese.at\/index.php?rest_route=%2Fwp%2Fv2%2Fcomments&post=4592"}],"version-history":[{"count":1,"href":"https:\/\/schiwiese.at\/index.php?rest_route=\/wp\/v2\/posts\/4592\/revisions"}],"predecessor-version":[{"id":4593,"href":"https:\/\/schiwiese.at\/index.php?rest_route=\/wp\/v2\/posts\/4592\/revisions\/4593"}],"wp:featuredmedia":[{"embeddable":true,"href":"https:\/\/schiwiese.at\/index.php?rest_route=\/wp\/v2\/media\/4222"}],"wp:attachment":[{"href":"https:\/\/schiwiese.at\/index.php?rest_route=%2Fwp%2Fv2%2Fmedia&parent=4592"}],"wp:term":[{"taxonomy":"category","embeddable":true,"href":"https:\/\/schiwiese.at\/index.php?rest_route=%2Fwp%2Fv2%2Fcategories&post=4592"},{"taxonomy":"post_tag","embeddable":true,"href":"https:\/\/schiwiese.at\/index.php?rest_route=%2Fwp%2Fv2%2Ftags&post=4592"}],"curies":[{"name":"wp","href":"https:\/\/api.w.org\/{rel}","templated":true}]}}