{"id":4691,"date":"2023-02-28T21:13:52","date_gmt":"2023-02-28T21:13:52","guid":{"rendered":"https:\/\/schiwiese.at\/?p=4691"},"modified":"2023-02-28T21:13:54","modified_gmt":"2023-02-28T21:13:54","slug":"100-jahre-naturfreunde-mannersdorf","status":"publish","type":"post","link":"https:\/\/schiwiese.at\/?p=4691","title":{"rendered":"100 Jahre Naturfreunde Mannersdorf"},"content":{"rendered":"<div class=\"flex_column av_one_full  flex_column_div av-zero-column-padding first  avia-builder-el-0  avia-builder-el-no-sibling  \" style='border-radius:0px; '><section class=\"av_textblock_section \"  itemscope=\"itemscope\" itemtype=\"https:\/\/schema.org\/BlogPosting\" itemprop=\"blogPost\" ><div class='avia_textblock  '   itemprop=\"text\" ><p>Wir freuen uns am <strong>24.Juni 2023<\/strong> eine gro\u00dfe <strong>100 Jahre Naturfreunde Mannersdorf Feier<\/strong> anzuk\u00fcndigen. Start ist um 10 Uhr auf der Schiwiese.<\/p>\n<p>Der Tag bietet einen bunten Mix f\u00fcr Alt und Jung.<\/p>\n<p>Nach einem Fr\u00fchshoppen sorgen lokale Musikensembles und am Abend auch eine Live Band f\u00fcr gute Stimmung.<\/p>\n<p>Geplant sind ein eigenes Kinderprogramm, Alpakas, Kletterturm, MTB Parcours mit Testbikes und auch sportliche Bewerbe wie der \u201e1. Monte Scheiter Gipfellauf\u201c.<\/p>\n<p>Zu sp\u00e4ter Stunde steht mit DJ ENE eine lokale Gr\u00f6\u00dfe an den Turntables.<\/p>\n<p>N\u00e4here Infos folgen.<\/p>\n<p>Bitte den Termin vormerken!<\/p>\n<p>Wir freuen uns gemeinsam mit Euch zu feiern,<\/p>\n<p>Team Naturfreunde Mannersdorf<\/p>\n<\/div><\/section><\/div>\n","protected":false},"excerpt":{"rendered":"","protected":false},"author":1,"featured_media":4238,"comment_status":"closed","ping_status":"closed","sticky":false,"template":"","format":"standard","meta":{"footnotes":""},"categories":[2,17],"tags":[],"class_list":["post-4691","post","type-post","status-publish","format-standard","has-post-thumbnail","hentry","category-neuigkeiten","category-startseite"],"_links":{"self":[{"href":"https:\/\/schiwiese.at\/index.php?rest_route=\/wp\/v2\/posts\/4691","targetHints":{"allow":["GET"]}}],"collection":[{"href":"https:\/\/schiwiese.at\/index.php?rest_route=\/wp\/v2\/posts"}],"about":[{"href":"https:\/\/schiwiese.at\/index.php?rest_route=\/wp\/v2\/types\/post"}],"author":[{"embeddable":true,"href":"https:\/\/schiwiese.at\/index.php?rest_route=\/wp\/v2\/users\/1"}],"replies":[{"embeddable":true,"href":"https:\/\/schiwiese.at\/index.php?rest_route=%2Fwp%2Fv2%2Fcomments&post=4691"}],"version-history":[{"count":1,"href":"https:\/\/schiwiese.at\/index.php?rest_route=\/wp\/v2\/posts\/4691\/revisions"}],"predecessor-version":[{"id":4692,"href":"https:\/\/schiwiese.at\/index.php?rest_route=\/wp\/v2\/posts\/4691\/revisions\/4692"}],"wp:featuredmedia":[{"embeddable":true,"href":"https:\/\/schiwiese.at\/index.php?rest_route=\/wp\/v2\/media\/4238"}],"wp:attachment":[{"href":"https:\/\/schiwiese.at\/index.php?rest_route=%2Fwp%2Fv2%2Fmedia&parent=4691"}],"wp:term":[{"taxonomy":"category","embeddable":true,"href":"https:\/\/schiwiese.at\/index.php?rest_route=%2Fwp%2Fv2%2Fcategories&post=4691"},{"taxonomy":"post_tag","embeddable":true,"href":"https:\/\/schiwiese.at\/index.php?rest_route=%2Fwp%2Fv2%2Ftags&post=4691"}],"curies":[{"name":"wp","href":"https:\/\/api.w.org\/{rel}","templated":true}]}}