{"id":4803,"date":"2024-01-25T18:20:54","date_gmt":"2024-01-25T18:20:54","guid":{"rendered":"https:\/\/schiwiese.at\/?p=4803"},"modified":"2024-01-25T18:22:29","modified_gmt":"2024-01-25T18:22:29","slug":"so-war-das-jahr-2023-2","status":"publish","type":"post","link":"https:\/\/schiwiese.at\/?p=4803","title":{"rendered":"So war das Jahr 2023"},"content":{"rendered":"<div class=\"flex_column av_one_full  flex_column_div av-zero-column-padding first  avia-builder-el-0  avia-builder-el-no-sibling  \" style='border-radius:0px; '><section class=\"av_textblock_section \"  itemscope=\"itemscope\" itemtype=\"https:\/\/schema.org\/BlogPosting\" itemprop=\"blogPost\" ><div class='avia_textblock  '   itemprop=\"text\" ><p>Sehr zufrieden blicken wir auf das vergangene Jahr zur\u00fcck:<\/p>\n<p><strong><em>Wintersport auf der Schiwiese<br \/>\n<\/em><\/strong>Nach abermals 4 Jahren ohne ausreichend Schnee reichten einige cm zumindest f\u00fcr die M\u00f6glichkeit mit Rodel und Bob den Wintersport endlich wieder aus\u00fcben zu k\u00f6nnen und zu genie\u00dfen.<br \/>\nAn drei Wochenenden \u2013 21.,22. und 28.,29. J\u00e4nner sowie 08. bis 10.Dezember durften wir zahlreiche G\u00e4ste begr\u00fc\u00dfen. F\u00fcr uns sehr erfreulich, dass trotz zunehmend l\u00e4ngeren Perioden ohne Schnee unsere Schiwiese von den Besuchern nicht vergessen wurde!<br \/>\nNat\u00fcrlich wollten wir auch unseren Schilift betreiben, aber es war der Anteil an Schifahrerinnen derart gering, dass es kaum notwendig war, den Lift \u00fcber l\u00e4ngere Zeit einzuschalten. Vielleicht lag es an der zu geringen Schneelage? Eine Pr\u00e4parierung der Langlaufloipen war \u00fcberhaupt nicht m\u00f6glich.<\/p>\n<p><strong><em>Unser Event des Jahres: \u201eWir feiern 100 Jahre Naturfreunde Mannersdorf\u201c<\/em><\/strong><strong><br \/>\n<\/strong>In einer ersten Sitzung Anfang Februar zum Thema wurde der Termin der Jubil\u00e4umsfeier mit dem 24. Juni 2023 festgelegt, nachdem bereits Vorgespr\u00e4che mit einigen, von uns gew\u00fcnschte Musikkapellen sowie -Gruppen, gef\u00fchrt wurden. Weiters begannen zu diesem Zeitpunkt bereits erste \u00dcberlegungen \u00fcber die Gestaltung einer entsprechenden Festschrift. Dabei wurden wir auch von der NF N\u00d6 Landesleitung unterst\u00fctzt. Der Arbeitsaufwand daf\u00fcr war wesentlich umfangreicher als zu Beginn angenommen. Vor allem das vorhandene, \u00e4u\u00dferst umfangreiche, Bildmaterial musste aufgearbeitet werden.<br \/>\nNach vielen gemeinsam geleisteten Arbeitsstunden fieberten wir zuletzt dem Veranstaltungstermin entgegen und es stellten sich die Fragen:<br \/>\nWerden die Witterungsbedingungen passen \u2013 hoffentlich kein Regen, gibt es das bef\u00fcrchtete Gelsenproblem?<br \/>\nLetzen Endes hat an diesem Tag alles perfekt gepasst. Wir haben gemeinsam mit einer gro\u00dfen Anzahl von Besuchern gefeiert. \u00dcber den ganzen Tag und bis in den fr\u00fchen Morgen verteilt waren es ca. 800 G\u00e4ste. Auf Grund der vielen positiven und lobenden R\u00fcckmeldungen sowie Kommentaren k\u00f6nnen wir zufrieden auf ein, in allen Belangen, erfolgreiches und gelungenes Jubil\u00e4umsfest stolz sein!<\/p>\n<p>Quasi zum Aufw\u00e4rmen f\u00fcr die 100 Jahr Feier organisierten wir kurzfristig am 28.\u00a0 Mai unter dem Motto <strong><em>\u201eDa rockt die H\u00fctte\u201c<\/em><\/strong> den Auftritt von zwei lokalen Bands. Ab dem sp\u00e4teren Nachmittag bis in die fr\u00fchen Abendstunden vergn\u00fcgten sich bei bester Stimmung ca.200 Besucher.<\/p>\n<p><strong><em>Fertigstellung der Steinterrasse Hochfilzerh\u00fctte<br \/>\n<\/em><\/strong>In Fortsetzung zu der im Jahr 2020 begonnenen Sanierung erfolgte in den Sommermonaten die restliche Verlegung der Natursteinplatten rund um die Hochfilzerh\u00fctte. Die Gestaltung des gesamten Bereichs ist sehr gelungen und die Hochfilzerh\u00fctte ist ein herzeigbares Schmuckst\u00fcck!<br \/>\n<strong><em>Kinder- K\u00fcrbisfest<br \/>\n<\/em><\/strong>Am 17.September fand auch heuer wieder unser traditionelles Kinderfest statt. Bei sch\u00f6nem Wetter kamen sehr viele zum K\u00fcrbisschnitzen. Besonders erfreulich war diesmal, dass diese Veranstaltung f\u00fcr einen Beitrag in der ORF III Dokumentation \u201eLandleben rund ums Leithagebirge\u201c ausgew\u00e4hlt wurde. Es fanden Dreharbeiten bei der K\u00fcrbisernte am Feld sowie auf der Schiwiese statt.<\/p>\n<p><strong><em>Naturfreunde Wanderung am 26. Oktober<br \/>\n<\/em><\/strong>Auch bei dieser, ebenfalls bereits seit mehreren Jahrzehnten, beliebten Wanderung hatten wir Wettergl\u00fcck. Mit gez\u00e4hlten 142 Teilnehmern gab es eine neue Rekordzahl!!<\/p>\n<ol start=\"24\">\n<li><strong><em> Dezember \u201eWarten bis das Christkind kommt\u201c<\/em><\/strong><br \/>\nDie H\u00fctten\u00f6ffnung am Nachmittag bietet eine Gelegenheit f\u00fcr Kinder die Wartezeit bis zum gro\u00dfen Ereignis am Abend in der Natur zu \u00fcberbr\u00fccken.<\/li>\n<li><strong><em> Dezember \u201eSylvester auf der Schiwiese\u201c<br \/>\n<\/em><\/strong>Den letzten Jahreswechsel mit H\u00fcttenbetrieb gab es am 31.12.2016. In den folgenden drei Jahren konnte wegen Personalmangel sowie weitere drei Jahre wegen der Corona-Pandemie keine Veranstaltung stattfinden. Umso mehr freuten wir uns, dass der Sylvester 2023 wieder gefeiert werden konnte. Ab 14 Uhr war die Hochfilzerh\u00fctte ge\u00f6ffnet und es kamen viele G\u00e4ste, um gemeinsam den Jahreswechsel bei guter Stimmung zu verbringen.<\/li>\n<\/ol>\n<p><strong><em>Pflege der Wanderwege sowie H\u00fcttenbetrieb<br \/>\n<\/em><\/strong>Wie Jedes Jahr hat unser Wanderwegeteam auch heuer wieder ca. 200 Arbeitsstunden aufgewendet, um die ca. 45 km langen Wege instand zu halten.<br \/>\nNoch wesentlich mehr Zeit war notwendig, um den Betrieb der Hochfilzerh\u00fctte von Mitte M\u00e4rz bis Ende Juni sowie von Ende August bis Ende Oktober zu erm\u00f6glichen.<\/p>\n<p><strong>Die Vereinsleitung bedankt sich bei allen Mitarbeitern, die ihre Zeit und Arbeitskraft freiwillig und unentgeltlich zur Verf\u00fcgung stellen sowie bei jenen Institutionen, Firmen und G\u00f6nnern die uns laufend unterst\u00fctzen!<\/strong><\/p>\n<\/div><\/section><\/div>\n","protected":false},"excerpt":{"rendered":"","protected":false},"author":1,"featured_media":4802,"comment_status":"closed","ping_status":"closed","sticky":false,"template":"","format":"standard","meta":{"footnotes":""},"categories":[2,17],"tags":[],"class_list":["post-4803","post","type-post","status-publish","format-standard","has-post-thumbnail","hentry","category-neuigkeiten","category-startseite"],"_links":{"self":[{"href":"https:\/\/schiwiese.at\/index.php?rest_route=\/wp\/v2\/posts\/4803","targetHints":{"allow":["GET"]}}],"collection":[{"href":"https:\/\/schiwiese.at\/index.php?rest_route=\/wp\/v2\/posts"}],"about":[{"href":"https:\/\/schiwiese.at\/index.php?rest_route=\/wp\/v2\/types\/post"}],"author":[{"embeddable":true,"href":"https:\/\/schiwiese.at\/index.php?rest_route=\/wp\/v2\/users\/1"}],"replies":[{"embeddable":true,"href":"https:\/\/schiwiese.at\/index.php?rest_route=%2Fwp%2Fv2%2Fcomments&post=4803"}],"version-history":[{"count":3,"href":"https:\/\/schiwiese.at\/index.php?rest_route=\/wp\/v2\/posts\/4803\/revisions"}],"predecessor-version":[{"id":4806,"href":"https:\/\/schiwiese.at\/index.php?rest_route=\/wp\/v2\/posts\/4803\/revisions\/4806"}],"wp:featuredmedia":[{"embeddable":true,"href":"https:\/\/schiwiese.at\/index.php?rest_route=\/wp\/v2\/media\/4802"}],"wp:attachment":[{"href":"https:\/\/schiwiese.at\/index.php?rest_route=%2Fwp%2Fv2%2Fmedia&parent=4803"}],"wp:term":[{"taxonomy":"category","embeddable":true,"href":"https:\/\/schiwiese.at\/index.php?rest_route=%2Fwp%2Fv2%2Fcategories&post=4803"},{"taxonomy":"post_tag","embeddable":true,"href":"https:\/\/schiwiese.at\/index.php?rest_route=%2Fwp%2Fv2%2Ftags&post=4803"}],"curies":[{"name":"wp","href":"https:\/\/api.w.org\/{rel}","templated":true}]}}