{"id":4879,"date":"2024-05-04T06:18:48","date_gmt":"2024-05-04T06:18:48","guid":{"rendered":"https:\/\/schiwiese.at\/?p=4879"},"modified":"2024-09-26T18:03:26","modified_gmt":"2024-09-26T18:03:26","slug":"open-air-konzert-mit-birgit-denk-und-band-duplicate-4753","status":"publish","type":"post","link":"https:\/\/schiwiese.at\/?p=4879","title":{"rendered":"Vorschau auf den Herbst 2024"},"content":{"rendered":"\t\t<div data-elementor-type=\"wp-post\" data-elementor-id=\"4879\" class=\"elementor elementor-4879\">\n\t\t\t\t\t\t<section class=\"elementor-section elementor-top-section elementor-element elementor-element-27999a3 elementor-section-boxed elementor-section-height-default elementor-section-height-default\" data-id=\"27999a3\" data-element_type=\"section\" data-e-type=\"section\">\n\t\t\t\t\t\t<div class=\"elementor-container elementor-column-gap-default\">\n\t\t\t\t\t<div class=\"elementor-column elementor-col-100 elementor-top-column elementor-element elementor-element-7897b69\" data-id=\"7897b69\" data-element_type=\"column\" data-e-type=\"column\">\n\t\t\t<div class=\"elementor-widget-wrap elementor-element-populated\">\n\t\t\t\t\t\t<div class=\"elementor-element elementor-element-de4d5f8 elementor-widget elementor-widget-text-editor\" data-id=\"de4d5f8\" data-element_type=\"widget\" data-e-type=\"widget\" data-widget_type=\"text-editor.default\">\n\t\t\t\t<div class=\"elementor-widget-container\">\n\t\t\t\t\t\t\t\t\t<h4 style=\"font-weight: 400;\"><strong><span style=\"color: #000000;\"><i>K\u00fcrbisfest:<\/i><\/span><\/strong><\/h4>\n<p style=\"font-weight: 400;\"><i style=\"color: #000000;\">Unser allj\u00e4hrliches K\u00fcrbisfest fand nach einer turbulenten Zeit bei herrlichen Wetter am 22 Sept. statt. <\/i><span style=\"color: #000000;\"><i>Wir bedanken uns f\u00fcr den zahlreichen Besuch und m\u00f6chten uns bei der Fa. Edhofer f\u00fcr die Spende der K\u00fcrbise \u00a0recht<\/i><\/span><span style=\"color: #000000;\"><i>\u00a0herzlich bedanken.<\/i><\/span><\/p>\n<h4><strong><span style=\"color: #000000;\"><i>Veranstaltungen \/ Termine:<\/i><\/span><\/strong><\/h4>\n<p style=\"font-weight: 400;\"><span style=\"color: #000000;\"><i>Am 26 Oktober findet unser allj\u00e4hrlicher Wandertag statt. \u00a0Treffpunkt ist 10 Uhr beim Stadtpark.<\/i><\/span><\/p>\n<p style=\"font-weight: 400;\"><span style=\"color: #000000;\"><i>Am 24 Dezember warten wir wieder auf das Christkind auf der Schiwiese.<\/i><\/span><\/p>\n<p style=\"font-weight: 400;\"><span style=\"color: #000000;\"><i>\u00a0Am 31 Dezember \u2013 Silvesterparty ab 14 Uhr\u00a0 Schiwiese.<\/i><\/span><\/p>\t\t\t\t\t\t\t\t<\/div>\n\t\t\t\t<\/div>\n\t\t\t\t\t<\/div>\n\t\t<\/div>\n\t\t\t\t\t<\/div>\n\t\t<\/section>\n\t\t\t\t<\/div>\n\t\t","protected":false},"excerpt":{"rendered":"<p>K\u00fcrbisfest: Unser allj\u00e4hrliches K\u00fcrbisfest fand nach einer turbulenten Zeit bei herrlichen Wetter am 22 Sept. statt. Wir bedanken uns f\u00fcr den zahlreichen Besuch und m\u00f6chten uns bei der Fa. Edhofer f\u00fcr die Spende der K\u00fcrbise \u00a0recht\u00a0herzlich bedanken. Veranstaltungen \/ Termine: Am 26 Oktober findet unser allj\u00e4hrlicher Wandertag statt. \u00a0Treffpunkt ist 10 Uhr beim Stadtpark. Am [&hellip;]<\/p>\n","protected":false},"author":1,"featured_media":4737,"comment_status":"closed","ping_status":"closed","sticky":false,"template":"","format":"standard","meta":{"footnotes":""},"categories":[2,17],"tags":[],"class_list":["post-4879","post","type-post","status-publish","format-standard","has-post-thumbnail","hentry","category-neuigkeiten","category-startseite"],"_links":{"self":[{"href":"https:\/\/schiwiese.at\/index.php?rest_route=\/wp\/v2\/posts\/4879","targetHints":{"allow":["GET"]}}],"collection":[{"href":"https:\/\/schiwiese.at\/index.php?rest_route=\/wp\/v2\/posts"}],"about":[{"href":"https:\/\/schiwiese.at\/index.php?rest_route=\/wp\/v2\/types\/post"}],"author":[{"embeddable":true,"href":"https:\/\/schiwiese.at\/index.php?rest_route=\/wp\/v2\/users\/1"}],"replies":[{"embeddable":true,"href":"https:\/\/schiwiese.at\/index.php?rest_route=%2Fwp%2Fv2%2Fcomments&post=4879"}],"version-history":[{"count":18,"href":"https:\/\/schiwiese.at\/index.php?rest_route=\/wp\/v2\/posts\/4879\/revisions"}],"predecessor-version":[{"id":4911,"href":"https:\/\/schiwiese.at\/index.php?rest_route=\/wp\/v2\/posts\/4879\/revisions\/4911"}],"wp:featuredmedia":[{"embeddable":true,"href":"https:\/\/schiwiese.at\/index.php?rest_route=\/wp\/v2\/media\/4737"}],"wp:attachment":[{"href":"https:\/\/schiwiese.at\/index.php?rest_route=%2Fwp%2Fv2%2Fmedia&parent=4879"}],"wp:term":[{"taxonomy":"category","embeddable":true,"href":"https:\/\/schiwiese.at\/index.php?rest_route=%2Fwp%2Fv2%2Fcategories&post=4879"},{"taxonomy":"post_tag","embeddable":true,"href":"https:\/\/schiwiese.at\/index.php?rest_route=%2Fwp%2Fv2%2Ftags&post=4879"}],"curies":[{"name":"wp","href":"https:\/\/api.w.org\/{rel}","templated":true}]}}