{"id":95,"date":"2016-12-09T15:45:00","date_gmt":"2016-12-09T15:45:00","guid":{"rendered":"http:\/\/docs.kriesi.at\/wp\/?p=40"},"modified":"2020-02-29T08:03:40","modified_gmt":"2020-02-29T08:03:40","slug":"custom-lightbox-click-the-image","status":"publish","type":"post","link":"https:\/\/schiwiese.at\/?p=95","title":{"rendered":"Jahresr\u00fcckblick 2016"},"content":{"rendered":"<section class=\"av_textblock_section \"  itemscope=\"itemscope\" itemtype=\"https:\/\/schema.org\/BlogPosting\" itemprop=\"blogPost\" ><div class='avia_textblock  av_inherit_color '  style='color:#0a0a0a; '  itemprop=\"text\" ><h6>Nach einem ereignisreichen Jahr 2014 mit f\u00fcr unseren Verein zus\u00e4tzlichen und au\u00dfergew\u00f6hnlichen Veranstaltungen<\/h6>\n<p>Nach einem ereignisreichen Jahr 2014 mit f\u00fcr unseren Verein zus\u00e4tzlichen und au\u00dfergew\u00f6hnlichen Veranstaltungen, wie der NF-Gebietssitzung Region N\u00d6 S\u00fcd\/Ost, der Orientierungslauf-Veranstaltung mit 250 Teilnehmern, dem N\u00d6-Naturfreundetag mit offizieller Er\u00f6ffnung unserer \u201eAlpinen Kletteranlage\u201c mit ca. 500 Besuchern, dem Wandertag der Abt. Maschinenbau des TGM-Wien mit ca. 350 Sch\u00fclern und 20 Lehrkr\u00e4ften, haben wir uns f\u00fcr das nun auch schon wieder zu Ende gehende Jahr 2015 ein f\u00fcr uns \u00fcbliches und gewohntes Vereinsleben vorgenommen. Das Jahr begann auch ruhig, eigentlich f\u00fcr unsere Erwartungen zu ruhig! Es war n\u00e4mlich infolge des Schneemangels kein Wintersportbetrieb m\u00f6glich. Unser Kleinschlepplift auf der Schiwiese war ganze 3 Stunden mit einem einzigen, jugendlichen Schifahrer in Betrieb.<\/p>\n<p>Sehr zufriedenstellend verliefen auch heuer wieder die Wandersaison im Fr\u00fchjahr und Herbst sowie die G\u00e4stezahl in unserer Hochfilzerh\u00fctte. Aus unserer Sicht sind zwei Gr\u00fcnde daf\u00fcr hauptverantwortlich, und zwar einerseits die touristische Aufwertung des Naturparks \u201eW\u00fcste Mannersdorf\u201c und andererseits das von uns gepflegte Wanderwegenetz von nahezu 50 km L\u00e4nge. Es wurden auch heuer wieder ca. 130 Arbeitsstunden geleistet. Gro\u00dfe Hilfe f\u00fcr uns ist der Einsatz des Traktors samt Zusatzger\u00e4ten der Stadtgemeinde an 2 bis 3 Halbtagen im Jahr. Vielen Dank den Verantwortlichen in der Stadtgemeinde daf\u00fcr!<\/p>\n<p>Sehr erfreulich ist auch die Entwicklung unseres j\u00fcngsten Projekts \u201eAlpiner Klettergarten\u201c. Die bereits zur Verf\u00fcgung stehenden Kletterm\u00f6glichkeiten bieten f\u00fcr alle Kletterfreunde vom Anf\u00e4nger bis zum K\u00f6nner die entsprechenden Kletterrouten. Viel Freude und Energie zeigen die zahlreichen Kinder und Jugendlichen an den Schnuppertagen, deshalb ist auch das Interesse an Kletterkursen, organisiert und geleitet von gepr\u00fcften \u00dcbungsleitern, sehr gro\u00df. Dank der finanziellen Unterst\u00fctzung durch die NF Bundes- und N\u00d6 Landesleitung konnte heuer das daf\u00fcr notwendige Klettermaterial angekauft werden.<\/p>\n<p>NF \u2013 Wanderung am 26. Okt., Nationalfeiertag:<br \/>\nBei besten Wetterbedingungen nahmen 75 Wanderer teil, der J\u00fcngste war 3 und der \u00c4lteste 80 Jahre alt! Es erwies sich als gute Entscheidung, diesmal zwei Wanderstrecken anzubieten. Die k\u00fcrzere Variante mit ca. 1,5 Std. w\u00e4hlten vor allem Familien mit Kindern, die l\u00e4ngere Strecke mit ca. 3,5 Std. immerhin etwa 30 flotte Wanderer. Wie \u00fcblich fand der gem\u00fctliche Ausklang auf der Schiwiese und in der Hochfilzerh\u00fctte statt.<\/p>\n<p>Die NATURFREUNDE stehen f\u00fcr \u201eBEWEGUNG IN DER FREIEN NATUR\u201c und unsere Ortsgruppe bietet in diesem Sinne ein breites Spektrum an M\u00f6glichkeiten wie Wandern, Klettern, Wintersport mit Schilift, Rodelbahn und Langlaufloipen sowie H\u00fcttenbewirtschaftung mitten im Wald!<br \/>\nEs freut uns nat\u00fcrlich sehr, dass unser Angebot vom Kleinkind bis ins hohe Alter angenommen und gesch\u00e4tzt wird. Dies zeigt auch ein Blick auf die Statistik der Mitgliederliste:<\/p>\n<p>Der seit Jahren positive Trend setzte sich auch heuer wieder fort \u2013 derzeitiger Mitgliederstand: 275<\/p>\n<p>Und dem Verein bleiben viele sehr lange treu: 11 Mitglieder l\u00e4nger als 60 Jahre und 18 Mitglieder l\u00e4nger als 50 Jahre!<br \/>\nDas best\u00e4tigte sich auch bei der Jubilare-Ehrung im Rahmen unserer Jahres-Abschlussfeier am 20. November in der Hochfilzerh\u00fctte.<\/p>\n<p>Folgende Jubilare wurden f\u00fcr ihre langj\u00e4hrige Mitgliedschaft bei den Naturfreunden geehrt:<\/p>\n<p>25 Jahre: Huber Peter<\/p>\n<p>40 Jahre: Amelin Gerda<br \/>\nWagenknecht Gerhard<\/p>\n<p>50 Jahre: Hochwartner Elisabeth<\/p>\n<p>60 Jahre: Amelin Johann<br \/>\nBr\u00fcnner Wolfgang<br \/>\nSchreiber Heribert<br \/>\nDie Vereinsleitung dankt allen Jubilaren sehr herzlich f\u00fcr ihre Treue!<\/p>\n<p>Was haben wir vor:<\/p>\n<p>Kleinschlepplift: Gem\u00e4\u00df Beh\u00f6rdenauflagen ist die Erneuerung des Schleppseils sowie der Abspannseile der Antriebsstation und der Bergstation durchzuf\u00fchren \u2013 Materialkosten ca. \u20ac 6.200,-. Laut bereits erfolgter Zusage der Abt. Sport der N\u00d6 Landesregierung werden ca. 20% der Kosten subventioniert. Die Lieferung des neuen Materials ist bereits erfolgt und steht f\u00fcr den kommenden Winter somit zur Verf\u00fcgung.<\/p>\n<p>Wanderwege: sukzessive Umstellung der Wegeschilder auf die international genormte Ausf\u00fchrungsform \u2013 gelbe Schilder, wie zum Teil schon vorhanden.<\/p>\n<p>Unsere n\u00e4chsten Termine:<\/p>\n<p>24. Dezember: Hochfilzerh\u00fctte ge\u00f6ffnet von 12 bis 16 Uhr unter dem Motto \u201eWarten bis das Christkind kommt\u201c<br \/>\n31. Dezember: Hochfilzerh\u00fctte mit normalem H\u00fcttenbetrieb ab 10 Uhr<\/p>\n<p>Viel Schnee auf der Schiwiese \u2013 auf das hoffen wir im kommenden Winter!<\/p>\n<\/div><\/section>\n","protected":false},"excerpt":{"rendered":"","protected":false},"author":1,"featured_media":3275,"comment_status":"closed","ping_status":"closed","sticky":true,"template":"","format":"standard","meta":{"footnotes":""},"categories":[2],"tags":[19,20,21,22,23],"class_list":["post-95","post","type-post","status-publish","format-standard","has-post-thumbnail","hentry","category-neuigkeiten","tag-are","tag-nice","tag-some","tag-tags","tag-these"],"_links":{"self":[{"href":"https:\/\/schiwiese.at\/index.php?rest_route=\/wp\/v2\/posts\/95","targetHints":{"allow":["GET"]}}],"collection":[{"href":"https:\/\/schiwiese.at\/index.php?rest_route=\/wp\/v2\/posts"}],"about":[{"href":"https:\/\/schiwiese.at\/index.php?rest_route=\/wp\/v2\/types\/post"}],"author":[{"embeddable":true,"href":"https:\/\/schiwiese.at\/index.php?rest_route=\/wp\/v2\/users\/1"}],"replies":[{"embeddable":true,"href":"https:\/\/schiwiese.at\/index.php?rest_route=%2Fwp%2Fv2%2Fcomments&post=95"}],"version-history":[{"count":2,"href":"https:\/\/schiwiese.at\/index.php?rest_route=\/wp\/v2\/posts\/95\/revisions"}],"predecessor-version":[{"id":4011,"href":"https:\/\/schiwiese.at\/index.php?rest_route=\/wp\/v2\/posts\/95\/revisions\/4011"}],"wp:featuredmedia":[{"embeddable":true,"href":"https:\/\/schiwiese.at\/index.php?rest_route=\/wp\/v2\/media\/3275"}],"wp:attachment":[{"href":"https:\/\/schiwiese.at\/index.php?rest_route=%2Fwp%2Fv2%2Fmedia&parent=95"}],"wp:term":[{"taxonomy":"category","embeddable":true,"href":"https:\/\/schiwiese.at\/index.php?rest_route=%2Fwp%2Fv2%2Fcategories&post=95"},{"taxonomy":"post_tag","embeddable":true,"href":"https:\/\/schiwiese.at\/index.php?rest_route=%2Fwp%2Fv2%2Ftags&post=95"}],"curies":[{"name":"wp","href":"https:\/\/api.w.org\/{rel}","templated":true}]}}